{"id":3639,"date":"2026-08-31T12:39:45","date_gmt":"2026-08-31T12:39:45","guid":{"rendered":"https:\/\/smbielawa.pl\/?p=3639"},"modified":"2026-08-31T12:52:04","modified_gmt":"2026-08-31T12:52:04","slug":"iii-bielawski-dzien-poloneza","status":"publish","type":"post","link":"https:\/\/smbielawa.pl\/index.php\/2026\/08\/31\/iii-bielawski-dzien-poloneza\/","title":{"rendered":"III Bielawski Dzie\u0144 Poloneza"},"content":{"rendered":"\n<p class=\"wp-block-paragraph\">Zapraszamy na III Bielawski Dzie\u0144 Poloneza, kt\u00f3ry odb\u0119dzie si\u0119 5 wrze\u015bnia 2026 roku o godzinie 17:00 w Parku Miejskim w Bielawie. <\/p>\n\n\n\n<figure class=\"wp-block-image size-large\"><img decoding=\"async\" src=\"https:\/\/smbielawa.pl\/wp-content\/uploads\/2026\/08\/PLAKAT-III-DZIEN-POLONEZA-2026-724x1024.png\" alt=\"\" class=\"wp-image-3641\"\/><\/figure>\n\n\n\n<p class=\"wp-block-paragraph\">Projekt realizowany przez Stowarzyszenie Poloneziaki &#8211; Tradycja i Wsp\u00f3\u0142czesno\u015b\u0107 oraz Sp\u00f3\u0142dzielcze Centrum Kultury Sp\u00f3\u0142dzielni Mieszkaniowej w Bielawie. Dofinansowany przez Gmin\u0119 Bielawa.<\/p>\n","protected":false},"excerpt":{"rendered":"<p>Zapraszamy na III Bielawski Dzie\u0144 Poloneza, kt\u00f3ry odb\u0119dzie si\u0119 5 wrze\u015bnia 2026 roku o godzinie 17:00 w Parku Miejskim w Bielawie. Projekt realizowany przez Stowarzyszenie Poloneziaki &#8211; Tradycja i Wsp\u00f3\u0142czesno\u015b\u0107 oraz Sp\u00f3\u0142dzielcze Centrum Kultury Sp\u00f3\u0142dzielni Mieszkaniowej w Bielawie. Dofinansowany przez Gmin\u0119 Bielawa.<\/p>\n","protected":false},"author":3,"featured_media":3641,"comment_status":"closed","ping_status":"open","sticky":false,"template":"","format":"standard","meta":{"footnotes":""},"categories":[15],"tags":[],"class_list":["post-3639","post","type-post","status-publish","format-standard","has-post-thumbnail","hentry","category-sck-aktualnosci"],"blocksy_meta":{"styles_descriptor":{"styles":{"desktop":"","tablet":"","mobile":""},"google_fonts":[],"version":7}},"_links":{"self":[{"href":"https:\/\/smbielawa.pl\/index.php\/wp-json\/wp\/v2\/posts\/3639","targetHints":{"allow":["GET"]}}],"collection":[{"href":"https:\/\/smbielawa.pl\/index.php\/wp-json\/wp\/v2\/posts"}],"about":[{"href":"https:\/\/smbielawa.pl\/index.php\/wp-json\/wp\/v2\/types\/post"}],"author":[{"embeddable":true,"href":"https:\/\/smbielawa.pl\/index.php\/wp-json\/wp\/v2\/users\/3"}],"replies":[{"embeddable":true,"href":"https:\/\/smbielawa.pl\/index.php\/wp-json\/wp\/v2\/comments?post=3639"}],"version-history":[{"count":3,"href":"https:\/\/smbielawa.pl\/index.php\/wp-json\/wp\/v2\/posts\/3639\/revisions"}],"predecessor-version":[{"id":3644,"href":"https:\/\/smbielawa.pl\/index.php\/wp-json\/wp\/v2\/posts\/3639\/revisions\/3644"}],"wp:featuredmedia":[{"embeddable":true,"href":"https:\/\/smbielawa.pl\/index.php\/wp-json\/wp\/v2\/media\/3641"}],"wp:attachment":[{"href":"https:\/\/smbielawa.pl\/index.php\/wp-json\/wp\/v2\/media?parent=3639"}],"wp:term":[{"taxonomy":"category","embeddable":true,"href":"https:\/\/smbielawa.pl\/index.php\/wp-json\/wp\/v2\/categories?post=3639"},{"taxonomy":"post_tag","embeddable":true,"href":"https:\/\/smbielawa.pl\/index.php\/wp-json\/wp\/v2\/tags?post=3639"}],"curies":[{"name":"wp","href":"https:\/\/api.w.org\/{rel}","templated":true}]}}